{"id":467,"date":"2014-01-24T16:40:10","date_gmt":"2014-01-24T16:40:10","guid":{"rendered":"http:\/\/www.bikeshop-luechow.de\/fahrrad\/web2\/?p=467"},"modified":"2014-10-18T15:43:43","modified_gmt":"2014-10-18T15:43:43","slug":"cross-im-luechower-amtsgarten-2014","status":"publish","type":"post","link":"https:\/\/www.bikeshop-luechow.de\/fahrrad\/web2\/2014\/01\/24\/cross-im-luechower-amtsgarten-2014\/","title":{"rendered":"Cross im L\u00fcchower Amtsgarten 2014"},"content":{"rendered":"<p><span style=\"font-family: Arial; font-size: small;\">Der 1. Cross im L\u00fcchower Amtsgarten ist f\u00fcr den 26. Januar 2014 geplant und wird auch stattfinden. <\/span><\/p>\n<p><span style=\"font-family: Arial; font-size: small;\"><span style=\"font-family: Arial; font-size: small;\">Dabei soll es auf einem Rundkurs von ca. 1,6 km auf MTB- oder Cross-R\u00e4dern quer durch den L\u00fcchower Amtsgarten gehen. Die Strecke f\u00fchrt \u00fcber den &#8218;Anstieg Rodelbahn&#8216;, ein &#8218;Doppelsprungbalken&#8216;, ein Treppenaufstieg und eine Naturtreppenabfahrt. Hier gibt es einen <a href=\"http:\/\/www.gpsies.com\/map.do;jsessionid=E1F25E74B97F8CC714EB25AA70DF2667?fileId=edfyoocgcujmhuah\" target=\"_blank\">ungef\u00e4hren Streckenverlauf<\/a>. Die genaue Streckenf\u00fchrung kann sich noch kurzfristig leicht \u00e4ndern.<\/span><\/span><\/p>\n<p>Es sind drei Rennen, nach Altersklassen getrennt, geplant. Bei der Altersklasseneinteilung gibt es ein paar \u00c4nderungen gegen\u00fcber der bisherigen Einteilung:<\/p>\n<ul>\n<li>1. Start um 10:00 Uhr, Sch\u00fcler U15, U13 und U11 (m\/w), Renndauer ca. 25 Minuten<\/li>\n<li>2. Start um 10:30 Uhr, Frauen, Junioren U19 und Jugend U17 (m\/w), Renndauer ca. 35 Minuten<\/li>\n<li>3. Start um 11:15 Uhr, U23, M\u00e4nner und Senioren (nur m\u00e4nnlich), Renndauer ca. 50 Minuten<\/li>\n<\/ul>\n<p><span style=\"font-family: Arial; font-size: small;\">Anmeldungen werden nur noch f\u00fcr die Rennen 1 und 2 angenommen und k\u00f6nnen \u00fcber die <a href=\"http:\/\/igas-wendland.de\/anmeldung\/\" target=\"_blank\">Online-Anmeldung<\/a> f\u00fcr diese und alle anderen Veranstaltungen der IGAS Wendland vorgenommen werden. <\/span><\/p>\n<p><a title=\"http:\/\/www.igaswendland.de\/2014\/amtsgartencross14.html\" href=\"http:\/\/www.igaswendland.de\/2014\/amtsgartencross14.html\" target=\"_blank\">Ergebnisse<\/a> &lt;&#8212; Klick Mich<\/p>\n<p><a title=\"http:\/\/www.ejz.de\/index.php?&amp;kat=52&amp;red=28&amp;artikel=110510482&amp;archiv=1\" href=\"http:\/\/www.ejz.de\/index.php?&amp;kat=52&amp;red=28&amp;artikel=110510482&amp;archiv=1\" target=\"_blank\">EJZ Bericht<\/a><\/p>\n<p>Quelle: Igas Wendland<\/p>\nngg_shortcode_0_placeholder\n","protected":false},"excerpt":{"rendered":"<p>Der 1. Cross im L\u00fcchower Amtsgarten ist f\u00fcr den 26. Januar 2014 geplant und wird auch stattfinden. Dabei soll es auf einem Rundkurs von ca. 1,6 km auf MTB- oder Cross-R\u00e4dern quer durch den L\u00fcchower Amtsgarten gehen. Die Strecke f\u00fchrt \u00fcber den &#8218;Anstieg Rodelbahn&#8216;, ein &#8218;Doppelsprungbalken&#8216;, ein Treppenaufstieg und eine Naturtreppenabfahrt. Hier gibt es einen &hellip; <a href=\"https:\/\/www.bikeshop-luechow.de\/fahrrad\/web2\/2014\/01\/24\/cross-im-luechower-amtsgarten-2014\/\" class=\"more-link\"><span class=\"screen-reader-text\">Cross im L\u00fcchower Amtsgarten 2014<\/span> weiterlesen <span class=\"meta-nav\">&rarr;<\/span><\/a><\/p>\n","protected":false},"author":1,"featured_media":0,"comment_status":"open","ping_status":"open","sticky":false,"template":"","format":"standard","meta":{"ngg_post_thumbnail":0,"footnotes":""},"categories":[1],"tags":[],"class_list":["post-467","post","type-post","status-publish","format-standard","hentry","category-allgemein"],"_links":{"self":[{"href":"https:\/\/www.bikeshop-luechow.de\/fahrrad\/web2\/wp-json\/wp\/v2\/posts\/467","targetHints":{"allow":["GET"]}}],"collection":[{"href":"https:\/\/www.bikeshop-luechow.de\/fahrrad\/web2\/wp-json\/wp\/v2\/posts"}],"about":[{"href":"https:\/\/www.bikeshop-luechow.de\/fahrrad\/web2\/wp-json\/wp\/v2\/types\/post"}],"author":[{"embeddable":true,"href":"https:\/\/www.bikeshop-luechow.de\/fahrrad\/web2\/wp-json\/wp\/v2\/users\/1"}],"replies":[{"embeddable":true,"href":"https:\/\/www.bikeshop-luechow.de\/fahrrad\/web2\/wp-json\/wp\/v2\/comments?post=467"}],"version-history":[{"count":6,"href":"https:\/\/www.bikeshop-luechow.de\/fahrrad\/web2\/wp-json\/wp\/v2\/posts\/467\/revisions"}],"predecessor-version":[{"id":788,"href":"https:\/\/www.bikeshop-luechow.de\/fahrrad\/web2\/wp-json\/wp\/v2\/posts\/467\/revisions\/788"}],"wp:attachment":[{"href":"https:\/\/www.bikeshop-luechow.de\/fahrrad\/web2\/wp-json\/wp\/v2\/media?parent=467"}],"wp:term":[{"taxonomy":"category","embeddable":true,"href":"https:\/\/www.bikeshop-luechow.de\/fahrrad\/web2\/wp-json\/wp\/v2\/categories?post=467"},{"taxonomy":"post_tag","embeddable":true,"href":"https:\/\/www.bikeshop-luechow.de\/fahrrad\/web2\/wp-json\/wp\/v2\/tags?post=467"}],"curies":[{"name":"wp","href":"https:\/\/api.w.org\/{rel}","templated":true}]}}