{"id":165,"date":"2013-02-10T16:02:20","date_gmt":"2013-02-10T16:02:20","guid":{"rendered":"http:\/\/www.bikeshop-luechow.de\/fahrrad\/web2\/?p=165"},"modified":"2014-10-18T15:40:15","modified_gmt":"2014-10-18T15:40:15","slug":"neue-fahrrad-homepage","status":"publish","type":"post","link":"https:\/\/www.bikeshop-luechow.de\/fahrrad\/web2\/2013\/02\/10\/neue-fahrrad-homepage\/","title":{"rendered":"Neue Fahrrad-Homepage"},"content":{"rendered":"<p>Endlich ist es so weit!<\/p>\n<p>Wir sind wieder online mit neuer Web2 Technik und neuem Design. Wichtig f\u00fcr uns war, dass wir unsere Seite schnell und einfach ohne gro\u00dfen Aufwand aktualisieren k\u00f6nnen. Gerade in der Sommersaison sind wir stark eingespannt, so dass wir selten Zeit haben Aktualisierungen vorzunehmen. Genau das soll jetzt besser werden. Auch haben wir nun einen <a title=\" https:\/\/de-de.facebook.com\/BikeShopLuechow\" href=\" https:\/\/de-de.facebook.com\/BikeShopLuechow\" target=\"_blank\">Facebook-Account<\/a>, wo wir das ein oder andere aus der Fahrradbranche preisgeben. Ihr d\u00fcrft gespannt sein \ud83d\ude42<\/p>\n<p>&nbsp;<\/p>\n<p>&nbsp;<\/p>\n<p>&nbsp;<\/p>\n<p>&nbsp;<\/p>\n","protected":false},"excerpt":{"rendered":"<p>Endlich ist es so weit! Wir sind wieder online mit neuer Web2 Technik und neuem Design. Wichtig f\u00fcr uns war, dass wir unsere Seite schnell und einfach ohne gro\u00dfen Aufwand aktualisieren k\u00f6nnen. Gerade in der Sommersaison sind wir stark eingespannt, so dass wir selten Zeit haben Aktualisierungen vorzunehmen. Genau das soll jetzt besser werden. Auch &hellip; <a href=\"https:\/\/www.bikeshop-luechow.de\/fahrrad\/web2\/2013\/02\/10\/neue-fahrrad-homepage\/\" class=\"more-link\"><span class=\"screen-reader-text\">Neue Fahrrad-Homepage<\/span> weiterlesen <span class=\"meta-nav\">&rarr;<\/span><\/a><\/p>\n","protected":false},"author":1,"featured_media":0,"comment_status":"open","ping_status":"open","sticky":false,"template":"","format":"standard","meta":{"ngg_post_thumbnail":0,"footnotes":""},"categories":[1],"tags":[],"class_list":["post-165","post","type-post","status-publish","format-standard","hentry","category-allgemein"],"_links":{"self":[{"href":"https:\/\/www.bikeshop-luechow.de\/fahrrad\/web2\/wp-json\/wp\/v2\/posts\/165","targetHints":{"allow":["GET"]}}],"collection":[{"href":"https:\/\/www.bikeshop-luechow.de\/fahrrad\/web2\/wp-json\/wp\/v2\/posts"}],"about":[{"href":"https:\/\/www.bikeshop-luechow.de\/fahrrad\/web2\/wp-json\/wp\/v2\/types\/post"}],"author":[{"embeddable":true,"href":"https:\/\/www.bikeshop-luechow.de\/fahrrad\/web2\/wp-json\/wp\/v2\/users\/1"}],"replies":[{"embeddable":true,"href":"https:\/\/www.bikeshop-luechow.de\/fahrrad\/web2\/wp-json\/wp\/v2\/comments?post=165"}],"version-history":[{"count":10,"href":"https:\/\/www.bikeshop-luechow.de\/fahrrad\/web2\/wp-json\/wp\/v2\/posts\/165\/revisions"}],"predecessor-version":[{"id":782,"href":"https:\/\/www.bikeshop-luechow.de\/fahrrad\/web2\/wp-json\/wp\/v2\/posts\/165\/revisions\/782"}],"wp:attachment":[{"href":"https:\/\/www.bikeshop-luechow.de\/fahrrad\/web2\/wp-json\/wp\/v2\/media?parent=165"}],"wp:term":[{"taxonomy":"category","embeddable":true,"href":"https:\/\/www.bikeshop-luechow.de\/fahrrad\/web2\/wp-json\/wp\/v2\/categories?post=165"},{"taxonomy":"post_tag","embeddable":true,"href":"https:\/\/www.bikeshop-luechow.de\/fahrrad\/web2\/wp-json\/wp\/v2\/tags?post=165"}],"curies":[{"name":"wp","href":"https:\/\/api.w.org\/{rel}","templated":true}]}}